{"id":3169,"date":"2017-06-12T13:29:59","date_gmt":"2017-06-12T12:29:59","guid":{"rendered":"https:\/\/tiagomendonca.pt\/?p=3169"},"modified":"2018-06-18T13:20:32","modified_gmt":"2018-06-18T12:20:32","slug":"vida-saudavel-um-designio-loures-portugal","status":"publish","type":"post","link":"https:\/\/tiagomendonca.pt\/?p=3169","title":{"rendered":"Vida saud\u00e1vel: Um des\u00edgnio para Loures e para Portugal"},"content":{"rendered":"<p style=\"text-align: justify;\" align=\"justify\">Loures \u00e9 um concelho extraordinariamente diverso agregando uma malha urbana, industrial e rural. \u00c9, como poucos, um concelho que espelha os problemas da globalidade do pa\u00eds. Pensar Portugal ser\u00e1 sempre Pensar Loures.<\/p>\n<p>&nbsp;<\/p>\n<p style=\"text-align: justify;\" align=\"justify\">Os avan\u00e7os m\u00e9dicos permitiram que a esperan\u00e7a m\u00e9dia de vida no nosso pa\u00eds aumentasse significativamente. Hoje a esperan\u00e7a m\u00e9dia de vida \u00e0 nascen\u00e7a \u00e9 de 81,3 anos<a href=\"#_ftn1\" name=\"_ftnref1\">[1]<\/a>. Em 1960 era de 64 anos. No entanto, uma coisa \u00e9 chegar a ser \u201cvelho\u201d e outra bem diferente \u00e9, socorrendo-me do t\u00edtulo de um conhecido livro, chegar-se \u201cnovo a velho\u201d. Quando pensamos no indicador da esperan\u00e7a m\u00e9dia de vida saud\u00e1vel aos 65 anos vemos que esse dado em Portugal aponta para os 6,9 anos<a href=\"#_ftn2\" name=\"_ftnref2\">[2]<\/a>. Noutros pa\u00edses como a Isl\u00e2ndia ou a Noruega essa expectativa \u00e9 de 15,4 e 15,3 anos respetivamente. Mas mesmo em pa\u00edses aparentemente menos desenvolvidos que o nosso esse indicador \u00e9 superior, veja-se o caso da Rep\u00fablica Checa (8,5 anos), a Pol\u00f3nia (7,5anos), a Holanda (10,7 anos), a Eslov\u00e9nia (7,8 anos), a Bulg\u00e1ria (8,7anos) ou at\u00e9 a Gr\u00e9cia (7,7anos). Pior: Se recuarmos a 1995 vislumbramos que em Portugal essa esperan\u00e7a era de 8,3 anos. Ou seja, em menos de duas d\u00e9cadas (os dados s\u00e3o de 2014) perdemos quase 1 ano e meio de esperan\u00e7a m\u00e9dia de vida saud\u00e1vel.<\/p>\n<p>&nbsp;<\/p>\n<p style=\"text-align: justify;\" align=\"justify\">Essa vida saud\u00e1vel beneficia de uma concorr\u00eancia de muitos fatores: Os j\u00e1 aludidos avan\u00e7os m\u00e9dicos, o ambiente, a prosperidade, o exerc\u00edcio f\u00edsico mas, de forma muito decisiva, a alimenta\u00e7\u00e3o.<\/p>\n<p>&nbsp;<\/p>\n<p style=\"text-align: justify;\" align=\"justify\">Os frangos carregados de antibi\u00f3ticos, a agricultura sujeita a um ritmo intenso e com carradas de pesticidas, os alimentos processados, o terr\u00edvel inimigo que \u00e9 o a\u00e7\u00facar, o gl\u00faten, as comidas pr\u00e9-feitas. Tudo a pensar numa sociedade sem tempo que fica verdadeiramente\u2026sem tempo de vida saud\u00e1vel!<\/p>\n<p>&nbsp;<\/p>\n<p style=\"text-align: justify;\" align=\"justify\">A m\u00e1 alimenta\u00e7\u00e3o al\u00e9m de causar diretamente obesidade ou diabetes est\u00e1 na base da potencia\u00e7\u00e3o de m\u00faltiplas doen\u00e7as grav\u00edssimas como \u00e9 o caso de alguns tipos de cancro. Trata-se, portanto, de um problema que deve estar bem no topo das prioridades pol\u00edticas.<\/p>\n<p>&nbsp;<\/p>\n<p style=\"text-align: justify;\" align=\"justify\">A agricultura biol\u00f3gica \u00e9 uma resposta a estes problemas. A Dinamarca, prepara-se para no m\u00e9dio prazo, e por imposi\u00e7\u00e3o legal, tornar-se o primeiro pa\u00eds com uma agricultura 100% sustent\u00e1vel. Por c\u00e1, os mercados biol\u00f3gicos (em expans\u00e3o, \u00e9 verdade) continuam a ser uma exce\u00e7\u00e3o. Por raz\u00f5es v\u00e1rias.<\/p>\n<p>&nbsp;<\/p>\n<p style=\"text-align: justify;\" align=\"justify\">Educacionais\/Culturais, Legais e Financeiras.<\/p>\n<p>&nbsp;<\/p>\n<li>Do ponto de vista da educa\u00e7\u00e3o pela total aus\u00eancia de uma forma\u00e7\u00e3o e sensibiliza\u00e7\u00e3o para este tipo de realidade. Nos cuidados de sa\u00fade prim\u00e1rios quantas vezes o m\u00e9dico de fam\u00edlia alerta para a necessidade de altera\u00e7\u00e3o dos padr\u00f5es de consumo alimentares enfocando na necessidade de transfer\u00eancia do consumo de certo tipo de produtos para produtos biol\u00f3gicos? Nas escolas, urge que se contemple um momento para a disciplina de uma educa\u00e7\u00e3o alimentar. \u00c9 preciso que desde cedo se interiorize que se trata de uma quest\u00e3o de sa\u00fade p\u00fablica! E n\u00e3o se alegue constri\u00e7\u00f5es financeiras: Os baix\u00edssimos custos de implementa\u00e7\u00e3o de um programa de forma\u00e7\u00e3o e educa\u00e7\u00e3o para a alimenta\u00e7\u00e3o saud\u00e1vel seriam altamente suplantados pelo abaixamento dos custos no Servi\u00e7o Nacional de Sa\u00fade com o tratamento de doen\u00e7as originadas ou potenciadas pela m\u00e1 alimenta\u00e7\u00e3o.<\/li>\n<\/ul>\n<p>&nbsp;<\/p>\n<ul style=\"text-align: justify;\">\n<li>Do ponto de vista legal exige-se a constru\u00e7\u00e3o de uma edif\u00edcio legal que, diga-se frontalmente, possibilite, por um lado, um apoio financeiro \u2013 benef\u00edcios fiscais, etc. \u2013 a quem j\u00e1 produz de forma sustent\u00e1vel e, por outro lado, que, no longo prazo, penalize quem n\u00e3o o fa\u00e7a. Claro que deve sempre existir um per\u00edodo de transforma\u00e7\u00e3o. Deve ser dado tempo aos agricultores para passarmos de uma agricultura que raramente obedece a crit\u00e9rios de sustentabilidade para uma agricultura bio. E creio que cumprir\u00e1 ao Estado fornecer o apoio \u2013 linhas de cr\u00e9dito sem juros, desburocratiza\u00e7\u00e3o, elimina\u00e7\u00e3o de barreiras jur\u00eddicas \u00e0 entrada em alguns mercados \u2013 para que todos os agricultores tenham a possibilidade de fazer a sua transforma\u00e7\u00e3o. Penalizando, no longo prazo, quem n\u00e3o o fa\u00e7a.<\/li>\n<\/ul>\n<p>&nbsp;<\/p>\n<li>Financeiramente, alega-se que consumir alimentos biol\u00f3gicos \u00e9 caro. \u00c9 \u201cmais ou menos\u201d verdade. Em alguns produtos ser\u00e1, noutros nem tanto. Em alguns (por exemplo alguns tipos de fruta e legumes) at\u00e9 \u00e9 mais barato consumir biol\u00f3gico. Fiz as contas e fazer um cabaz de compras mensal num mercado biol\u00f3gico pode custar mais 15% a 22% do que numa grande superf\u00edcie comercial. Porque \u00e9 que \u00e9 mais caro? Porque existe pouca oferta. A procura pressiona a oferta e, j\u00e1 se sabe, os pre\u00e7os sobem. Se a oferta for superior os pre\u00e7os v\u00e3o baixar. E baixam mesmo que a procura aumente ao mesmo n\u00edvel porque o mercado de produtos biol\u00f3gicos abandonar\u00e1 paulatinamente um ponto do mercado mais pr\u00f3ximo da concorr\u00eancia imperfeita para se aproximar de um ponto de mercado mais pr\u00f3ximo da concorr\u00eancia perfeita. Em Economia dir-se-ia que aumentar\u00e1 a atomicidade e isso garantir\u00e1 uma rebaixa dos pre\u00e7os per si.<\/li>\n<\/ul>\n<p>&nbsp;<\/p>\n<p style=\"text-align: justify;\" align=\"justify\">\u00c9, portanto, urgente definir como objetivo para a pr\u00f3xima d\u00e9cada a transforma\u00e7\u00e3o do nosso pa\u00eds num pa\u00eds \u201cbiol\u00f3gico\u201d. Assumir como prioridade a vida saud\u00e1vel. A sa\u00fade. Esse tem que ser o nosso des\u00edgnio principal.<\/p>\n<p style=\"text-align: justify;\" align=\"justify\">\u00c9 por isso que os eleitos na Assembleia Municipal de Loures, reunida no dia 23 de Fevereiro de 2017 deliberam:<\/p>\n<p>&nbsp;<\/p>\n<li>Exortar o Governo da Rep\u00fablica Portuguesa a definir como prioridade para a d\u00e9cada a vida saud\u00e1vel, apostando fortemente na agricultura biol\u00f3gica.<\/li>\n<\/ul>\n<p>&nbsp;<\/p>\n<ul style=\"text-align: justify;\">\n<li>Colocar em pr\u00e1tica um plano de forma\u00e7\u00e3o\/educa\u00e7\u00e3o, que abranja desde as escolas aos centros de sa\u00fade, sensibilizando todos para a necessidade da altera\u00e7\u00e3o dos h\u00e1bitos alimentares.<\/li>\n<\/ul>\n<p>&nbsp;<\/p>\n<ul style=\"text-align: justify;\">\n<li>Estudar as melhores solu\u00e7\u00f5es jur\u00eddico-econ\u00f3micas que favore\u00e7am a transposi\u00e7\u00e3o da agricultora n\u00e3o biol\u00f3gica para a agricultura sustent\u00e1vel.<\/li>\n<\/ul>\n<p>&nbsp;<\/p>\n<p style=\"text-align: justify;\" align=\"justify\">Esta mo\u00e7\u00e3o deve ser enviada a todos os grupos parlamentares com representa\u00e7\u00e3o na Assembleia da Rep\u00fablica, ao Governo da Rep\u00fablica, ao Presidente da Rep\u00fablica, \u00e0 Dire\u00e7\u00e3o Geral da Sa\u00fade, \u00e0 Dire\u00e7\u00e3o Geral da Educa\u00e7\u00e3o e aos meios de comunica\u00e7\u00e3o social nacionais e locais.<\/p>\n<p>&nbsp;<\/p>\n<p style=\"text-align: justify;\"><a href=\"#_ftnref1\" name=\"_ftn1\">[1]<\/a> Dados referentes a 2014. Fonte: <a href=\"http:\/\/www.pordata.pt\">www.pordata.pt<\/a><\/p>\n<p>&nbsp;<\/p>\n<p style=\"text-align: justify;\"><a href=\"#_ftnref2\" name=\"_ftn2\">[2]<\/a> Idem.<\/p>\n<p>&nbsp;<\/p>\n","protected":false},"excerpt":{"rendered":"<p>Loures \u00e9 um concelho extraordinariamente diverso agregando uma malha urbana, industrial e rural. \u00c9, como poucos, um concelho que espelha os problemas da globalidade do pa\u00eds. Pensar Portugal ser\u00e1 sempre Pensar Loures. &nbsp; Os avan\u00e7os m\u00e9dicos permitiram que a esperan\u00e7a m\u00e9dia de vida no nosso [&hellip;]<\/p>\n","protected":false},"author":1,"featured_media":3170,"comment_status":"open","ping_status":"open","sticky":false,"template":"","format":"standard","meta":{"_monsterinsights_skip_tracking":false,"_monsterinsights_sitenote_active":false,"_monsterinsights_sitenote_note":"","_monsterinsights_sitenote_category":0,"footnotes":""},"categories":[31],"tags":[83,84,80,75,78,77,85,82],"class_list":["post-3169","post","type-post","status-publish","format-standard","has-post-thumbnail","hentry","category-intervencao","tag-alimentacao","tag-alimentacao-saudavel","tag-assembleia-municipal-de-loures","tag-loures","tag-mocao","tag-politica","tag-portugal","tag-vida-saudavel"],"_links":{"self":[{"href":"https:\/\/tiagomendonca.pt\/index.php?rest_route=\/wp\/v2\/posts\/3169","targetHints":{"allow":["GET"]}}],"collection":[{"href":"https:\/\/tiagomendonca.pt\/index.php?rest_route=\/wp\/v2\/posts"}],"about":[{"href":"https:\/\/tiagomendonca.pt\/index.php?rest_route=\/wp\/v2\/types\/post"}],"author":[{"embeddable":true,"href":"https:\/\/tiagomendonca.pt\/index.php?rest_route=\/wp\/v2\/users\/1"}],"replies":[{"embeddable":true,"href":"https:\/\/tiagomendonca.pt\/index.php?rest_route=%2Fwp%2Fv2%2Fcomments&post=3169"}],"version-history":[{"count":4,"href":"https:\/\/tiagomendonca.pt\/index.php?rest_route=\/wp\/v2\/posts\/3169\/revisions"}],"predecessor-version":[{"id":3299,"href":"https:\/\/tiagomendonca.pt\/index.php?rest_route=\/wp\/v2\/posts\/3169\/revisions\/3299"}],"wp:featuredmedia":[{"embeddable":true,"href":"https:\/\/tiagomendonca.pt\/index.php?rest_route=\/wp\/v2\/media\/3170"}],"wp:attachment":[{"href":"https:\/\/tiagomendonca.pt\/index.php?rest_route=%2Fwp%2Fv2%2Fmedia&parent=3169"}],"wp:term":[{"taxonomy":"category","embeddable":true,"href":"https:\/\/tiagomendonca.pt\/index.php?rest_route=%2Fwp%2Fv2%2Fcategories&post=3169"},{"taxonomy":"post_tag","embeddable":true,"href":"https:\/\/tiagomendonca.pt\/index.php?rest_route=%2Fwp%2Fv2%2Ftags&post=3169"}],"curies":[{"name":"wp","href":"https:\/\/api.w.org\/{rel}","templated":true}]}}