{"id":3166,"date":"2017-06-12T13:23:55","date_gmt":"2017-06-12T12:23:55","guid":{"rendered":"https:\/\/tiagomendonca.pt\/?p=3166"},"modified":"2018-06-18T13:22:48","modified_gmt":"2018-06-18T12:22:48","slug":"recomendacao-empreenloures","status":"publish","type":"post","link":"https:\/\/tiagomendonca.pt\/?p=3166","title":{"rendered":"Recomenda\u00e7\u00e3o &#8211; \u201cEmpreenLoures\u201d"},"content":{"rendered":"<p style=\"text-align: justify;\" align=\"justify\">Nos \u00faltimos anos temos assistido ao reemergir de um \u00edmpeto empreendedor no nosso pa\u00eds. Milhares e milhares de pessoas t\u00eam colocado m\u00e3os \u00e0 obra e criado, numa primeira fase, o seu pr\u00f3prio emprego e, depois, novos empregos no nosso pa\u00eds.<\/p>\n<p>&nbsp;<\/p>\n<p style=\"text-align: justify;\" align=\"justify\">A transfer\u00eancia de tantas mulheres e homens no trabalho por conta de outrem para o trabalho por conta pr\u00f3pria, com a abertura de neg\u00f3cios, em \u00e1reas t\u00e3o diferentes, como a restaura\u00e7\u00e3o, a forma\u00e7\u00e3o ou o turismo, tem sido motivada, em alguns casos, assuma-se, pela inexist\u00eancia de procura dos seus servi\u00e7os no mercado \u201ctradicional\u201d de trabalho ou, pelo facto dessa procura se remeter para oportunidades muito prec\u00e1rias (est\u00e1gios \u2013 por vezes n\u00e3o remunerados \u2013 contratos de curta dura\u00e7\u00e3o, etc..).<\/p>\n<p>&nbsp;<\/p>\n<p style=\"text-align: justify;\" align=\"justify\">No entanto, muitas outras vezes, assistimos a pessoas que \u201clargam tudo\u201d para abrirem o seu pr\u00f3prio neg\u00f3cio, movidas por um esp\u00edrito de empreendedorismo empresarial louv\u00e1vel. No final, por uma busca incessante do seu sonho baseada na cren\u00e7a inabal\u00e1vel de um futuro diferente, para melhor. A vontade de fazer diferente e de deixar a sua marca s\u00e3o o combust\u00edvel destes empreendedores. Mulheres e homens que est\u00e3o a modificar o tecido empresarial no nosso pa\u00eds.<\/p>\n<p>&nbsp;<\/p>\n<p style=\"text-align: justify;\" align=\"justify\">No final, n\u00e3o deixa de ser um grito de liberdade em pleno s\u00e9culo XXI. O da recusa da precariza\u00e7\u00e3o das condi\u00e7\u00f5es laborais enquanto um mal menor comparativamente \u00e0 amea\u00e7a sempre presente do desemprego.<\/p>\n<p style=\"text-align: justify;\" align=\"justify\">Loures, como um Concelho virado para o futuro, deve assumir-se como um polo agregador e estimulador do empreendedorismo. N\u00e3o recomendamos um investimento fora de \u00f3rbita ou um investimento descontextualizado, mas, acima de tudo, um sinal de incentivo e comunh\u00e3o de for\u00e7as com estes empreendedores.<\/p>\n<p>&nbsp;<\/p>\n<p style=\"text-align: justify;\" align=\"justify\">Assim, recomendamos \u00e0 C\u00e2mara Municipal de Loures:<\/p>\n<p>&nbsp;<\/p>\n<p style=\"text-align: justify;\" align=\"justify\">1 \u2013 Promover uma feira do empreendedorismo jovem, com periodicidade anual, com a presen\u00e7a de start-ups, sediadas ou n\u00e3o no nosso Concelho, tendo em vista, por um lado, o networking entre essas mesmas empresas objetivando \u00a0a cria\u00e7\u00e3o de uma plataforma de sinergias comuns e, por outro lado, a averigua\u00e7\u00e3o de hip\u00f3teses de coopera\u00e7\u00e3o entre a CML e essas start-ups com benef\u00edcios bilaterais.<\/p>\n<p>&nbsp;<\/p>\n<p style=\"text-align: justify;\" align=\"justify\">2 \u2013 Disponibiliza\u00e7\u00e3o de um servi\u00e7o de atendimento a empreendedores tendo em vista prestar um conjunto de informa\u00e7\u00f5es conexas com a cria\u00e7\u00e3o de pequenas empresas ou com o trabalho independente, por exemplo, no dom\u00ednio financeiro, jur\u00eddico ou contabil\u00edstico.<\/p>\n<p>&nbsp;<\/p>\n<p style=\"text-align: justify;\" align=\"justify\">3 \u2013 Cria\u00e7\u00e3o de um concurso, anual, aberto \u00e0 participa\u00e7\u00e3o de empreendedores mun\u00edcipes ou com liga\u00e7\u00f5es evidentes ao Concelho, com a atribui\u00e7\u00e3o de um pr\u00e9mio monet\u00e1rio para o melhor projeto apresentado tendo em vista incentivar a materializa\u00e7\u00e3o da ideia de neg\u00f3cio escolhida.<\/p>\n<p>&nbsp;<\/p>\n<p style=\"text-align: justify;\">Os eleitos da Coliga\u00e7\u00e3o Loures Sabe Mudar na Assembleia Municipal de Loures,<\/p>\n<p>&nbsp;<\/p>\n<p style=\"text-align: justify;\">15 de Dezembro de 2016.<\/p>\n<p>&nbsp;<\/p>\n","protected":false},"excerpt":{"rendered":"<p>Nos \u00faltimos anos temos assistido ao reemergir de um \u00edmpeto empreendedor no nosso pa\u00eds. Milhares e milhares de pessoas t\u00eam colocado m\u00e3os \u00e0 obra e criado, numa primeira fase, o seu pr\u00f3prio emprego e, depois, novos empregos no nosso pa\u00eds. &nbsp; A transfer\u00eancia de tantas [&hellip;]<\/p>\n","protected":false},"author":1,"featured_media":3167,"comment_status":"open","ping_status":"open","sticky":false,"template":"","format":"standard","meta":{"_monsterinsights_skip_tracking":false,"_monsterinsights_sitenote_active":false,"_monsterinsights_sitenote_note":"","_monsterinsights_sitenote_category":0,"footnotes":""},"categories":[31],"tags":[80,36,79,76,75,78,81,77],"class_list":["post-3166","post","type-post","status-publish","format-standard","has-post-thumbnail","hentry","category-intervencao","tag-assembleia-municipal-de-loures","tag-empreendedorismo","tag-empreenloures","tag-intervencao","tag-loures","tag-mocao","tag-negocio","tag-politica"],"_links":{"self":[{"href":"https:\/\/tiagomendonca.pt\/index.php?rest_route=\/wp\/v2\/posts\/3166","targetHints":{"allow":["GET"]}}],"collection":[{"href":"https:\/\/tiagomendonca.pt\/index.php?rest_route=\/wp\/v2\/posts"}],"about":[{"href":"https:\/\/tiagomendonca.pt\/index.php?rest_route=\/wp\/v2\/types\/post"}],"author":[{"embeddable":true,"href":"https:\/\/tiagomendonca.pt\/index.php?rest_route=\/wp\/v2\/users\/1"}],"replies":[{"embeddable":true,"href":"https:\/\/tiagomendonca.pt\/index.php?rest_route=%2Fwp%2Fv2%2Fcomments&post=3166"}],"version-history":[{"count":4,"href":"https:\/\/tiagomendonca.pt\/index.php?rest_route=\/wp\/v2\/posts\/3166\/revisions"}],"predecessor-version":[{"id":3302,"href":"https:\/\/tiagomendonca.pt\/index.php?rest_route=\/wp\/v2\/posts\/3166\/revisions\/3302"}],"wp:featuredmedia":[{"embeddable":true,"href":"https:\/\/tiagomendonca.pt\/index.php?rest_route=\/wp\/v2\/media\/3167"}],"wp:attachment":[{"href":"https:\/\/tiagomendonca.pt\/index.php?rest_route=%2Fwp%2Fv2%2Fmedia&parent=3166"}],"wp:term":[{"taxonomy":"category","embeddable":true,"href":"https:\/\/tiagomendonca.pt\/index.php?rest_route=%2Fwp%2Fv2%2Fcategories&post=3166"},{"taxonomy":"post_tag","embeddable":true,"href":"https:\/\/tiagomendonca.pt\/index.php?rest_route=%2Fwp%2Fv2%2Ftags&post=3166"}],"curies":[{"name":"wp","href":"https:\/\/api.w.org\/{rel}","templated":true}]}}