{"id":3075,"date":"2016-11-28T21:47:25","date_gmt":"2016-11-28T21:47:25","guid":{"rendered":"https:\/\/tiagomendonca.pt\/?p=3075"},"modified":"2017-04-28T11:49:50","modified_gmt":"2017-04-28T11:49:50","slug":"geracao-y-reforma","status":"publish","type":"post","link":"https:\/\/tiagomendonca.pt\/?p=3075","title":{"rendered":"Gera\u00e7\u00e3o Y: Reforma? Porque n\u00e3o goz\u00e1-la aos 35 e n\u00e3o aos 65?"},"content":{"rendered":"<p align=\"justify\">Ontem o Governo da Rep\u00fablica fez saber a sua nova proposta para o modelo de reforma que permite que pessoas com 60 anos e 48 anos de descontos para a seguran\u00e7a social se possam reforma. N\u00e3o discutindo a import\u00e2ncia da medida para algumas gera\u00e7\u00f5es a verdade \u00e9 que isso sempre implicar\u00e1 que a pessoa tenha come\u00e7ado a fazer descontos aos\u202612!<\/p>\n<p>&nbsp;<\/p>\n<p align=\"justify\">Para a gera\u00e7\u00e3o Y \u2013 Pessoas que nasceram depois de 1980 \u2013 e tamb\u00e9m para muitas que nasceram antes, 48 anos de descontos, mesmo que se comece a trabalhar aos 16 significa reforma aos 64. Enfim centremo-nos na idade legal de reforma: 66 anos e 3 meses.<\/p>\n<p>&nbsp;<\/p>\n<p align=\"justify\">E existe uma boa raz\u00e3o para pensarmos que n\u00e3o vamos ter reforma nessa idade. Basta estudar um pouco o assunto: Em 1990 as contribui\u00e7\u00f5es das pessoas financiavam 85,3% do sistema de Seguran\u00e7a Social. Hoje, com o aumento da prote\u00e7\u00e3o social mas tamb\u00e9m com o n\u00famero de anos que cada pessoa vive (e ainda bem!) depois da reforma as contribui\u00e7\u00f5es servem para financiar apenas 34,7% do sistema. O resto tem de vir de transfer\u00eancias do Or\u00e7amento do Estado. Numa ideia: Insustentabilidade. Teremos que sempre ir aumentando a idade legal da reforma.<\/p>\n<p>&nbsp;<\/p>\n<p align=\"justify\">Por outro lado um outro dado ainda mais preocupante: Enquanto em 1995 a esperan\u00e7a m\u00e9dia de vida saud\u00e1vel aos 65 anos era de 8,3 anos. Hoje, em 2014 \u00e9 de apenas 6,9 anos (somos dos pa\u00edses na Europa com um pior \u00edndice neste aspeto, longe, por exemplo, dos mais de 15 anos de esperan\u00e7a m\u00e9dia de vida saud\u00e1vel aos 65 na Isl\u00e2ndia ou na Noruega). O que quer dizer que uma pessoa que se reforme aos 66 anos e 3 meses ter\u00e1, em m\u00e9dia, menos de 6 anos de vida saud\u00e1vel \u2013 ou seja sem incapacidade f\u00edsica.<\/p>\n<p>&nbsp;<\/p>\n<p align=\"justify\">O meu problema nem sequer \u00e9 acreditar que a gera\u00e7\u00e3o Y ter\u00e1 ou n\u00e3o reformas. Acredito que sim. Mas prevejo que provavelmente essa reforma ser\u00e1 j\u00e1 muito perto dos 70 anos o que n\u00e3o coincidindo com um aumento dessa esperan\u00e7a m\u00e9dia de vida saud\u00e1vel vem retirar uma certa utilidade \u00e0 reforma em termos de gozo.<br \/>\nE aqui entramos no problema que j\u00e1 falei tantas vezes! Da mesma maneira que trocamos cinco dias horr\u00edveis por um dia no fim-de-semana razo\u00e1vel e outro em sofrimento com a nova semana que se avizinha, no mesmo sentido que fazemos o pior neg\u00f3cio do mundo que s\u00e3o 11 meses de trabalho desmotivado pela cenoura que s\u00e3o 22 dias \u00fateis de f\u00e9rias pagos (e acrescidos de um subs\u00eddio \u2013 \u00e9 uma cenoura gorda, \u00e9 verdade) tamb\u00e9m trocamos 40 anos de trabalho incessante por uma putativa reforma: Um momento onde vamos poder ter bastante tempo livre e algum rendimento.<\/p>\n<p>&nbsp;<\/p>\n<p align=\"justify\">V\u00e1rios problemas: Nenhum de n\u00f3s sabe sequer se chega \u00e0 idade da reforma. N\u00e3o controlamos a data da nossa morte. Pode ser bem antes disso. Pode ser aos 100. N\u00e3o sabemos. Depois, em m\u00e9dia, n\u00e3o teremos muito tempo de vida saud\u00e1vel depois da reforma \u2013 e pelos vistos ser\u00e1 cada vez menos. E, por \u00faltimo, com exce\u00e7\u00e3o de um n\u00famero reduzido de pessoas (algumas tenho o privil\u00e9gio de conhecer \u2013 o meu tio Quim que me ganha f\u00e1cil numa caminhada, ou a minha av\u00f3 Guida que sobe mais r\u00e1pido 5 lances de escadas que eu 1, s\u00f3 para exemplificar) aos 70 anos n\u00e3o temos propriamente a energia de ir fazer um mochil\u00e3o \u00e0 Am\u00e9rica do Sul. Dificilmente vamos escalar um Glaciar na Isl\u00e2ndia ou fazer a Route 66.<\/p>\n<p>&nbsp;<\/p>\n<p align=\"justify\">E isto leva-nos a algo que come\u00e7a a ser documentado em alguns livros de empreendedorismo (por exemplo \u201cSemana de 4 horas\u201d de Tim Ferriss) que \u00e9 apostarmos em, pelo menos, minireformas durante o per\u00edodo de trabalho.<\/p>\n<p>&nbsp;<\/p>\n<p align=\"justify\">Quem n\u00e3o se libertar do trabalho por conta de outrem ter\u00e1 sempre maior dificuldade em implementar este modelo \u00e9 certo \u2013 j\u00e1 convers\u00e1mos e continuaremos a conversar sobre o prop\u00f3sito do empreendedorismo empresarial como nos deixando um passo mais pr\u00f3ximo da felicidade (na minha opini\u00e3o!). Mas de resto, acho perfeitamente exequ\u00edvel, trabalhar 9 meses e parar 3 meses. Ou trabalhar nos primeiros 15 dias de cada m\u00eas e nos \u00faltimos 15 dias do m\u00eas seguinte e parar consecutivamente um m\u00eas. Ou, simplesmente, procurar ter mais do que 22 dias seguidos de f\u00e9rias. Ir dois meses para a Isl\u00e2ndia e viver como se fosse um local, pegar numa mochila e ir bater a Am\u00e9rica do Sul e ir dar uma volta a s\u00e9rio pela \u00c1sia. Mini Reformas ao longo do tempo. Ou, em Portugal, ir passar dois meses num monte alentejano ou na Costa Vicentina.<\/p>\n<p>&nbsp;<\/p>\n<p align=\"justify\">Sobre isto normalmente a oposi\u00e7\u00e3o que \u00e9 feita ao viajar mais \u00e9 o dinheiro. Uma hist\u00f3ria de um casal de franceses: Num determinado ano, largaram tudo, pegaram num barco \u00e0 vela e foram velejar pelo mundo com a filha de sete anos. Mas a esposa tra\u00e7ou logo o desafio: Al\u00e9m de uma brutal experi\u00eancia \u2013 uma mini reforma \u2013 temos que poupar e ganhar dinheiro. N\u00e3o h\u00e1 doces para quem adivinhar. Gastaram muito menos nesse ano de expedi\u00e7\u00e3o pelo mundo do que num ano a pagar casa, contas e refei\u00e7\u00f5es em Paris.<\/p>\n<p>&nbsp;<\/p>\n<p align=\"justify\">Imaginem que o vosso neg\u00f3cio se traduz em venda de produto. \u00c9 exatamente igual em que parte do mundo voc\u00eas est\u00e3o desde que tenham um computador debaixo do bra\u00e7o. Suponham que vendem o vosso produto no Reino Unido. Mas que vivem na Tail\u00e2ndia. Recebem em Libras e vivem com Baht. Quando estive l\u00e1 h\u00e1 muitos anos atr\u00e1s e levantei 30 euros falaram-me que correspondia ao ordenado m\u00e9dio de um tailand\u00eas.<br \/>\nO que \u00e9 caro nas viagens \u00e9 ir fazer a check list dos museus e das atra\u00e7\u00f5es tur\u00edsticas. N\u00e3o \u00e9 viver nos s\u00edtios. Isso pode ser bem mais barato quando comparamos com Portugal.<\/p>\n<p>&nbsp;<\/p>\n<p align=\"justify\">Muitas pessoas vivem uma vida adiada. Vive semanas adiadas \u00e0 espera do fim-de-semana, vivem anos adiados \u00e0 espera das f\u00e9rias e carreiras adiadas \u00e0 espera da reforma. Uma cultura sufocante de constante prepara\u00e7\u00e3o: Estuda muito para entrar na Faculdade, estuda ainda mais para arranjares um est\u00e1gio, esfola-te no est\u00e1gio (mesmo que n\u00e3o remunerado) para ficares na firma, esfor\u00e7a-te que nem um louco nos pr\u00f3ximos 15 a 20 anos para chegares a s\u00f3cio\/chefe e agora tens de dar o exemplo e trabalhar mais do que todos at\u00e9 para receberes ainda mais e teres uma boa reforma. Uma cultura de adiamento. De anula\u00e7\u00e3o de objetivos presentes em torno de uma hip\u00f3tese de futuro. Se racionalmente pensarmos e nos perguntarem: Queres 5.000\u20ac\/ano agora, ou queres 50 milh\u00f5es de euros em cash aos 100 anos obviamente todos preferimos a primeira. Ent\u00e3o porque fazemos isso em tudo o resto? Qual \u00e9 o sentido de se andar por a\u00ed em modo walking dead durante um ano inteiro para depois ir 10 dias para um resort qualquer postar fotos no Facebook como sen\u00e3o houvesse amanh\u00e3? Al\u00e9m de todos os gastos est\u00fapidos que temos por essa vida \u201cesclavagista\u201d. Quanto dinheiro gastamos em porcarias ao fim-de-semana porque \u201ceu trabalho tanto, mere\u00e7o isto\u201d. Se junt\u00e1ssemos todos esses euros o que poder\u00edamos fazer?<\/p>\n<p>&nbsp;<\/p>\n<p align=\"justify\">H\u00e1 menos de 20 anos t\u00ednhamos o escudo. H\u00e1 15 come\u00e7ou a generaliza\u00e7\u00e3o da internet ou dos telem\u00f3veis. H\u00e1 8 o Facebook come\u00e7ou a aparecer a s\u00e9rio. Tudo mudou e num curto espa\u00e7o de tempo. Porque \u00e9 que esta gera\u00e7\u00e3o continua a teimar em fazer tudo igual? Em manter os mesmos pressupostos? Porque \u00e9 que continuamos a achar que tirar uma hora das 16h as 17h para ler um livro \u00e9 um hobbie ou um luxo e n\u00e3o \u00e9 algo vital? Porque \u00e9 que achamos que dormir 8 horas \u00e9 um luxo? Parece-me que \u00e9 uma necessidade b\u00e1sica.<\/p>\n<p>&nbsp;<\/p>\n<p align=\"justify\">A proposta \u00e9 mudarmos. N\u00e3o amanh\u00e3. Mas hoje. E vivermos as coisas boas da vida hoje. N\u00e3o amanh\u00e3. Hoje o \u201cpatr\u00e3o\u201d deu-me o dia. Apetecia-me ir passear com a Carolina (sobrinha). Ela teve um teatro na Escola e acabou por se adiar por isso o programa \u00e9 \u201cs\u00f3\u201d com a Mariana. Porque raio isto deve ser encarado como \u201c que sorte\u201d, \u201cque luxo\u201d, ou at\u00e9, \u201cque pregui\u00e7oso?\u201d. \u00c9 suposto ir comer um peixe ao Baleal com a Mariana quando? Aos 70? Ou ir aos trampolins com a Carolina quando ela tiver 44? \u00c9 suposto ter tempo para ler livros, ir ao cinema ou ir ao gin\u00e1sio aos 70? Isso \u00e9 luxo?<\/p>\n<p>&nbsp;<\/p>\n<p align=\"justify\">P.S. \u2013 N\u00e3o falo de boca cheia. Corria o ano de 2013 (n\u00e3o foi assim h\u00e1 muito tempo) e no meu dia de anivers\u00e1rio estava a fazer aquilo que pomposamente se chama de \u201cdue diligence\u201d numa firma de advogados, com uma lata de red bull \u00e0 frente, fechado numa sala e sem que as pessoas que estavam a trabalhar comigo se tivessem lembrado que eu fazia anos. Claro que foi o primeiro e o \u00faltimo ano que isso aconteceu. Em 2014 tirei f\u00e9rias no dia e no dia anterior e em 2015 optei por um patr\u00e3o que certamente n\u00e3o se esquece do meu anivers\u00e1rio.<\/p>\n","protected":false},"excerpt":{"rendered":"<p>Ontem o Governo da Rep\u00fablica fez saber a sua nova proposta para o modelo de reforma que permite que pessoas com 60 anos e 48 anos de descontos para a seguran\u00e7a social se possam reforma. N\u00e3o discutindo a import\u00e2ncia da medida para algumas gera\u00e7\u00f5es a [&hellip;]<\/p>\n","protected":false},"author":1,"featured_media":3120,"comment_status":"open","ping_status":"open","sticky":false,"template":"","format":"standard","meta":{"_monsterinsights_skip_tracking":false,"_monsterinsights_sitenote_active":false,"_monsterinsights_sitenote_note":"","_monsterinsights_sitenote_category":0,"footnotes":""},"categories":[33],"tags":[39,36,43,41,35,42,40,38,44],"class_list":["post-3075","post","type-post","status-publish","format-standard","has-post-thumbnail","hentry","category-happy-life","tag-4-hour-work-week","tag-empreendedorismo","tag-ferias","tag-geracao-y","tag-happy-life","tag-minireformas","tag-reforma","tag-tim-ferriss","tag-viajar"],"_links":{"self":[{"href":"https:\/\/tiagomendonca.pt\/index.php?rest_route=\/wp\/v2\/posts\/3075","targetHints":{"allow":["GET"]}}],"collection":[{"href":"https:\/\/tiagomendonca.pt\/index.php?rest_route=\/wp\/v2\/posts"}],"about":[{"href":"https:\/\/tiagomendonca.pt\/index.php?rest_route=\/wp\/v2\/types\/post"}],"author":[{"embeddable":true,"href":"https:\/\/tiagomendonca.pt\/index.php?rest_route=\/wp\/v2\/users\/1"}],"replies":[{"embeddable":true,"href":"https:\/\/tiagomendonca.pt\/index.php?rest_route=%2Fwp%2Fv2%2Fcomments&post=3075"}],"version-history":[{"count":3,"href":"https:\/\/tiagomendonca.pt\/index.php?rest_route=\/wp\/v2\/posts\/3075\/revisions"}],"predecessor-version":[{"id":3118,"href":"https:\/\/tiagomendonca.pt\/index.php?rest_route=\/wp\/v2\/posts\/3075\/revisions\/3118"}],"wp:featuredmedia":[{"embeddable":true,"href":"https:\/\/tiagomendonca.pt\/index.php?rest_route=\/wp\/v2\/media\/3120"}],"wp:attachment":[{"href":"https:\/\/tiagomendonca.pt\/index.php?rest_route=%2Fwp%2Fv2%2Fmedia&parent=3075"}],"wp:term":[{"taxonomy":"category","embeddable":true,"href":"https:\/\/tiagomendonca.pt\/index.php?rest_route=%2Fwp%2Fv2%2Fcategories&post=3075"},{"taxonomy":"post_tag","embeddable":true,"href":"https:\/\/tiagomendonca.pt\/index.php?rest_route=%2Fwp%2Fv2%2Ftags&post=3075"}],"curies":[{"name":"wp","href":"https:\/\/api.w.org\/{rel}","templated":true}]}}